{"id":8148,"date":"2024-10-12T16:35:24","date_gmt":"2024-10-12T14:35:24","guid":{"rendered":"https:\/\/www.spengergasse.at\/?p=8148"},"modified":"2025-09-28T11:07:25","modified_gmt":"2025-09-28T09:07:25","slug":"%f0%9f%93%a2-erasmusdays-2024-lets-make-htl-spengergasse-shine","status":"publish","type":"post","link":"https:\/\/www.spengergasse.at\/?p=8148","title":{"rendered":"\ud83d\udce2 #ErasmusDays 2024: Let\u2019s make HTL Spengergasse shine!"},"content":{"rendered":"<p>Vom 14. bis 19. Oktober feiern wir an der HTL Spengergasse gemeinsam mit Schulen in ganz Europa das Erasmus+ Programm! \ud83c\udf0d Dieses Jahr dreht sich alles um das Motto \u201e6 Days to make Europe shine\u201c \u2013 und wir zeigen, wie wir den europ\u00e4ischen Gedanken an unserer Schule leben. \ud83d\udca1\u2728<\/p>\n<p><!--more--><\/p>\n<p>Besonders freuen wir uns auf unsere <strong>Video Challenge \u201e6 Days to make HTL Spengergasse shine\u201c<\/strong>! \ud83c\udfac Zeigt eure Kreativit\u00e4t und haltet in kurzen Videos fest, wie Erasmus+ und unsere Schule euch inspirieren. Infos dazu findet ihr im Schulfoyer und auf unseren Social-Media-Kan\u00e4len. \ud83c\udfa5<\/p>\n<p>Au\u00dferdem erwartet euch ein <strong>Meet &amp; Greet<\/strong> mit unserem Erasmus+ Team, bei dem ihr spannende Einblicke in das Programm bekommt. Erfahrt direkt von Sch\u00fcler:innen und Lehrkr\u00e4ften, wie sie Erasmus+ erlebt haben! \ud83e\udd1d<\/p>\n<p>Macht mit, teilt eure Ideen und lasst die HTL Spengergasse erstrahlen! \ud83c\udf1f<\/p>\n<p>#ErasmusDays #HTLSpengergasse #ErasmusPlus #MakeEuropeShine<\/p>\n<div id='gallery-1' class='gallery galleryid-8148 gallery-columns-3 gallery-size-thumbnail'><figure class='gallery-item'>\n\t\t\t<div class='gallery-icon landscape'>\n\t\t\t\t<a href='https:\/\/www.spengergasse.at\/?attachment_id=8155'><img loading=\"lazy\" decoding=\"async\" width=\"150\" height=\"150\" src=\"https:\/\/www.spengergasse.at\/wp-content\/uploads\/2024\/10\/Erasmus23b-150x150.jpg\" class=\"attachment-thumbnail size-thumbnail\" alt=\"\" \/><\/a>\n\t\t\t<\/div><\/figure><figure class='gallery-item'>\n\t\t\t<div class='gallery-icon portrait'>\n\t\t\t\t<a href='https:\/\/www.spengergasse.at\/?attachment_id=8154'><img loading=\"lazy\" decoding=\"async\" width=\"150\" height=\"150\" src=\"https:\/\/www.spengergasse.at\/wp-content\/uploads\/2024\/10\/Erasmus23a-150x150.jpg\" class=\"attachment-thumbnail size-thumbnail\" alt=\"\" \/><\/a>\n\t\t\t<\/div><\/figure><figure class='gallery-item'>\n\t\t\t<div class='gallery-icon portrait'>\n\t\t\t\t<a href='https:\/\/www.spengergasse.at\/?attachment_id=8153'><img loading=\"lazy\" decoding=\"async\" width=\"150\" height=\"150\" src=\"https:\/\/www.spengergasse.at\/wp-content\/uploads\/2024\/10\/Erasmus23f-150x150.jpg\" class=\"attachment-thumbnail size-thumbnail\" alt=\"\" \/><\/a>\n\t\t\t<\/div><\/figure><figure class='gallery-item'>\n\t\t\t<div class='gallery-icon landscape'>\n\t\t\t\t<a href='https:\/\/www.spengergasse.at\/?attachment_id=8152'><img loading=\"lazy\" decoding=\"async\" width=\"150\" height=\"150\" src=\"https:\/\/www.spengergasse.at\/wp-content\/uploads\/2024\/10\/Erasmus23e-150x150.jpg\" class=\"attachment-thumbnail size-thumbnail\" alt=\"\" \/><\/a>\n\t\t\t<\/div><\/figure><figure class='gallery-item'>\n\t\t\t<div class='gallery-icon landscape'>\n\t\t\t\t<a href='https:\/\/www.spengergasse.at\/?attachment_id=8151'><img loading=\"lazy\" decoding=\"async\" width=\"150\" height=\"150\" src=\"https:\/\/www.spengergasse.at\/wp-content\/uploads\/2024\/10\/Erasmus23d-150x150.jpg\" class=\"attachment-thumbnail size-thumbnail\" alt=\"\" \/><\/a>\n\t\t\t<\/div><\/figure><figure class='gallery-item'>\n\t\t\t<div class='gallery-icon landscape'>\n\t\t\t\t<a href='https:\/\/www.spengergasse.at\/?attachment_id=8150'><img loading=\"lazy\" decoding=\"async\" width=\"150\" height=\"150\" src=\"https:\/\/www.spengergasse.at\/wp-content\/uploads\/2024\/10\/Erasmus23c-150x150.jpg\" class=\"attachment-thumbnail size-thumbnail\" alt=\"\" \/><\/a>\n\t\t\t<\/div><\/figure><figure class='gallery-item'>\n\t\t\t<div class='gallery-icon portrait'>\n\t\t\t\t<a href='https:\/\/www.spengergasse.at\/?attachment_id=8149'><img loading=\"lazy\" decoding=\"async\" width=\"150\" height=\"150\" src=\"https:\/\/www.spengergasse.at\/wp-content\/uploads\/2024\/10\/Erasmus23g-150x150.jpg\" class=\"attachment-thumbnail size-thumbnail\" alt=\"\" \/><\/a>\n\t\t\t<\/div><\/figure>\n\t\t<\/div>\n\n\n\n<figure class=\"wp-block-image size-full\"><img loading=\"lazy\" decoding=\"async\" width=\"800\" height=\"176\" src=\"https:\/\/www.spengergasse.at\/wp-content\/uploads\/2025\/06\/DE_FundedbytheEU_RGB_POS_800.png\" alt=\"\" class=\"wp-image-9448\" srcset=\"https:\/\/www.spengergasse.at\/wp-content\/uploads\/2025\/06\/DE_FundedbytheEU_RGB_POS_800.png 800w, https:\/\/www.spengergasse.at\/wp-content\/uploads\/2025\/06\/DE_FundedbytheEU_RGB_POS_800-300x66.png 300w, https:\/\/www.spengergasse.at\/wp-content\/uploads\/2025\/06\/DE_FundedbytheEU_RGB_POS_800-768x169.png 768w\" sizes=\"auto, (max-width: 800px) 100vw, 800px\" \/><\/figure>\n\n\n\n<p>Von der Europ\u00e4ischen Union finanziert. Die ge\u00e4u\u00dferten Ansichten und Meinungen entsprechen jedoch ausschlie\u00dflich denen der Autorin oder des Autors bzw. der Autorinnen oder Autoren und spiegeln nicht zwingend die der Europ\u00e4ischen Union oder der OeAD-GmbH wider. Weder die Europ\u00e4ische Union noch die OeAD-GmbH k\u00f6nnen daf\u00fcr verantwortlich gemacht werden.<\/p>\n","protected":false},"excerpt":{"rendered":"<p>Vom 14. bis 19. Oktober feiern wir an der HTL Spengergasse gemeinsam mit Schulen in ganz Europa das Erasmus+ Programm! \ud83c\udf0d Dieses Jahr dreht sich alles um das Motto \u201e6 Days to make Europe shine\u201c \u2013 und wir zeigen, wie wir den&#8230;<\/p>\n","protected":false},"author":2,"featured_media":0,"comment_status":"closed","ping_status":"closed","sticky":false,"template":"","format":"standard","meta":{"footnotes":""},"categories":[1],"tags":[179,204,189],"class_list":["post-8148","post","type-post","status-publish","format-standard","hentry","category-aktuelles","tag-erasmus","tag-internationalisierung","tag-schulleben"],"_links":{"self":[{"href":"https:\/\/www.spengergasse.at\/index.php?rest_route=\/wp\/v2\/posts\/8148","targetHints":{"allow":["GET"]}}],"collection":[{"href":"https:\/\/www.spengergasse.at\/index.php?rest_route=\/wp\/v2\/posts"}],"about":[{"href":"https:\/\/www.spengergasse.at\/index.php?rest_route=\/wp\/v2\/types\/post"}],"author":[{"embeddable":true,"href":"https:\/\/www.spengergasse.at\/index.php?rest_route=\/wp\/v2\/users\/2"}],"replies":[{"embeddable":true,"href":"https:\/\/www.spengergasse.at\/index.php?rest_route=%2Fwp%2Fv2%2Fcomments&post=8148"}],"version-history":[{"count":3,"href":"https:\/\/www.spengergasse.at\/index.php?rest_route=\/wp\/v2\/posts\/8148\/revisions"}],"predecessor-version":[{"id":9458,"href":"https:\/\/www.spengergasse.at\/index.php?rest_route=\/wp\/v2\/posts\/8148\/revisions\/9458"}],"wp:attachment":[{"href":"https:\/\/www.spengergasse.at\/index.php?rest_route=%2Fwp%2Fv2%2Fmedia&parent=8148"}],"wp:term":[{"taxonomy":"category","embeddable":true,"href":"https:\/\/www.spengergasse.at\/index.php?rest_route=%2Fwp%2Fv2%2Fcategories&post=8148"},{"taxonomy":"post_tag","embeddable":true,"href":"https:\/\/www.spengergasse.at\/index.php?rest_route=%2Fwp%2Fv2%2Ftags&post=8148"}],"curies":[{"name":"wp","href":"https:\/\/api.w.org\/{rel}","templated":true}]}}