{"id":8118,"date":"2024-10-07T16:57:03","date_gmt":"2024-10-07T14:57:03","guid":{"rendered":"https:\/\/www.spengergasse.at\/?p=8118"},"modified":"2026-02-23T18:27:47","modified_gmt":"2026-02-23T17:27:47","slug":"klimaaktionstag-2024","status":"publish","type":"post","link":"https:\/\/www.spengergasse.at\/?p=8118","title":{"rendered":"Klimaaktionstag 2024"},"content":{"rendered":"<p><img loading=\"lazy\" decoding=\"async\" class=\"alignleft wp-image-8120\" src=\"https:\/\/www.spengergasse.at\/wp-content\/uploads\/2024\/10\/Klimaaktionstag-300x225.jpg\" alt=\"\" width=\"420\" height=\"315\" srcset=\"https:\/\/www.spengergasse.at\/wp-content\/uploads\/2024\/10\/Klimaaktionstag-300x225.jpg 300w, https:\/\/www.spengergasse.at\/wp-content\/uploads\/2024\/10\/Klimaaktionstag-1024x768.jpg 1024w, https:\/\/www.spengergasse.at\/wp-content\/uploads\/2024\/10\/Klimaaktionstag-768x576.jpg 768w, https:\/\/www.spengergasse.at\/wp-content\/uploads\/2024\/10\/Klimaaktionstag-1536x1152.jpg 1536w, https:\/\/www.spengergasse.at\/wp-content\/uploads\/2024\/10\/Klimaaktionstag.jpg 2040w\" sizes=\"auto, (max-width: 420px) 100vw, 420px\" \/>Die Thematik Umweltschutz wird immer wichtiger und es ist l\u00e4ngst der Zeitpunkt gekommen, um etwas zu unternehmen. Deswegen war die 5AHWIT zusammen mit Frau Prof. Seitz am 27.09.2024 am Klimaaktionstag, welcher von \u201eTeachers for Future\u201c organisiert wurde, am Meidlinger Platzl im 12. Wiener Gemeindebezirk zu finden.<\/p>\n<p>Hier sind verschiedene namenhafte Experten auf der B\u00fchne gestanden und haben uns von der Wichtigkeit von Klimaschutz erz\u00e4hlt. Zus\u00e4tzlich wurden Alternativen genannt, wie die Schule uns Sch\u00fclerinnen und Sch\u00fcler am besten auf die Zukunft vorbereiten kann.<\/p>\n<p><!--more--><\/p>\n<p>Eine L\u00f6sung w\u00e4re zum Beispiel die Bildungsnachhaltigkeitsentwicklung. Diese soll uns, ein friedliches, solidarisches Zusammenleben in Freiheit und Wohlstand sowie in einer lebenswerten Umwelt f\u00fcr unsere Generation und folgende Generationen erm\u00f6glichen.<\/p>\n<p><!--more--><\/p>\n<p>Durch dieses Event waren in ganz \u00d6sterreich (Wien, Linz, Graz, Bregenz) insgesamt \u00fcber 5000 Sch\u00fclerinnen und Sch\u00fcler zusammen mit ihren Lehrerinnen und Lehrern auf der Stra\u00dfe. Viele von ihnen hatten Plakate wie: \u201eFischer Fritz fischt Plastik\u201c oder auch \u201eDer Erde brennt der Arsch\u201c, um den Punkt des Klimawandels und die Wichtigkeit des Kampfes dagegen noch einmal zu unterstreichen.<\/p>\n<p>Michael Waldh\u00e4usl, 5AHWIT<\/p>\n","protected":false},"excerpt":{"rendered":"<p>Die Thematik Umweltschutz wird immer wichtiger und es ist l\u00e4ngst der Zeitpunkt gekommen, um etwas zu unternehmen. Deswegen war die 5AHWIT zusammen mit Frau Prof. Seitz am 27.09.2024 am Klimaaktionstag, welcher von \u201eTeachers for Future\u201c organisiert wurde, am Meidlinger Platzl im 12&#8230;.<\/p>\n","protected":false},"author":1,"featured_media":0,"comment_status":"closed","ping_status":"closed","sticky":false,"template":"","format":"standard","meta":{"footnotes":""},"categories":[1],"tags":[161,58],"class_list":["post-8118","post","type-post","status-publish","format-standard","hentry","category-aktuelles","tag-exkursionen","tag-wit"],"_links":{"self":[{"href":"https:\/\/www.spengergasse.at\/index.php?rest_route=\/wp\/v2\/posts\/8118","targetHints":{"allow":["GET"]}}],"collection":[{"href":"https:\/\/www.spengergasse.at\/index.php?rest_route=\/wp\/v2\/posts"}],"about":[{"href":"https:\/\/www.spengergasse.at\/index.php?rest_route=\/wp\/v2\/types\/post"}],"author":[{"embeddable":true,"href":"https:\/\/www.spengergasse.at\/index.php?rest_route=\/wp\/v2\/users\/1"}],"replies":[{"embeddable":true,"href":"https:\/\/www.spengergasse.at\/index.php?rest_route=%2Fwp%2Fv2%2Fcomments&post=8118"}],"version-history":[{"count":6,"href":"https:\/\/www.spengergasse.at\/index.php?rest_route=\/wp\/v2\/posts\/8118\/revisions"}],"predecessor-version":[{"id":8134,"href":"https:\/\/www.spengergasse.at\/index.php?rest_route=\/wp\/v2\/posts\/8118\/revisions\/8134"}],"wp:attachment":[{"href":"https:\/\/www.spengergasse.at\/index.php?rest_route=%2Fwp%2Fv2%2Fmedia&parent=8118"}],"wp:term":[{"taxonomy":"category","embeddable":true,"href":"https:\/\/www.spengergasse.at\/index.php?rest_route=%2Fwp%2Fv2%2Fcategories&post=8118"},{"taxonomy":"post_tag","embeddable":true,"href":"https:\/\/www.spengergasse.at\/index.php?rest_route=%2Fwp%2Fv2%2Ftags&post=8118"}],"curies":[{"name":"wp","href":"https:\/\/api.w.org\/{rel}","templated":true}]}}