{"id":8107,"date":"2024-10-07T15:33:32","date_gmt":"2024-10-07T13:33:32","guid":{"rendered":"https:\/\/www.spengergasse.at\/?p=8107"},"modified":"2026-02-23T18:27:47","modified_gmt":"2026-02-23T17:27:47","slug":"das-private-ist-politisch-exkursion-ins-parlament","status":"publish","type":"post","link":"https:\/\/www.spengergasse.at\/?p=8107","title":{"rendered":"Das Private ist politisch \u2013 Exkursion ins Parlament"},"content":{"rendered":"<div class=\"elementToProof\"><img loading=\"lazy\" decoding=\"async\" class=\"alignleft wp-image-8109\" src=\"https:\/\/www.spengergasse.at\/wp-content\/uploads\/2024\/10\/3AAIF-im-Parlament-225x300.jpg\" alt=\"\" width=\"220\" height=\"293\" srcset=\"https:\/\/www.spengergasse.at\/wp-content\/uploads\/2024\/10\/3AAIF-im-Parlament-225x300.jpg 225w, https:\/\/www.spengergasse.at\/wp-content\/uploads\/2024\/10\/3AAIF-im-Parlament-769x1024.jpg 769w, https:\/\/www.spengergasse.at\/wp-content\/uploads\/2024\/10\/3AAIF-im-Parlament-768x1023.jpg 768w, https:\/\/www.spengergasse.at\/wp-content\/uploads\/2024\/10\/3AAIF-im-Parlament-1153x1536.jpg 1153w, https:\/\/www.spengergasse.at\/wp-content\/uploads\/2024\/10\/3AAIF-im-Parlament-1538x2048.jpg 1538w, https:\/\/www.spengergasse.at\/wp-content\/uploads\/2024\/10\/3AAIF-im-Parlament.jpg 1736w\" sizes=\"auto, (max-width: 220px) 100vw, 220px\" \/>Am Freitag, den 13. September 2024, ging ein guter Teil der 3AAIF in Begleitung von Herrn Professor Herbert Wei\u00dfensteiner \u2013 er hat dankenswerterweise diese Veranstaltung organisiert \u2013 und Frau Professorin Ursula Endl ins Parlament.<br \/>\n<img loading=\"lazy\" decoding=\"async\" class=\"alignnone size-full wp-image-7955\" src=\"https:\/\/www.spengergasse.at\/wp-content\/uploads\/2024\/08\/transparent-space.png\" alt=\"\" width=\"1\" height=\"24\" \/><\/div>\n<div class=\"elementToProof\">Nach einer sehr interessanten F\u00fchrung durch das Geb\u00e4ude, bei der sowohl der historischer Sitzungssaal der \u00d6sterreichischen Bundesversammlung als auch der neue Sitzungssaal des Nationalrates bewundert wurden und die viele Hintergrundinformationen und Zusammenh\u00e4nge zwischen dem Geb\u00e4ude und der Arbeit die darin passiert aufzeigte, gab es die tolle M\u00f6glichkeit mit einer Abgeordneten zum \u00f6sterreichischen Nationalrat zu diskutieren und ihr pers\u00f6nliche Fragen zu stellen. Sybille Hamann stellte sich daf\u00fcr zur Verf\u00fcgung und gab uns Einblicke in ihren Alltag als Bildungspolitikerin.<\/div>\n<div><\/div>\n<div><\/div>\n<p><!--more--><\/p>\n<div class=\"elementToProof\">Unter anderem rief sie uns in der Diskussion, welche Handlungen denn rein privat seien und welche bereits als politisch verstanden werden k\u00f6nnen, ein Zitat der feministischen Bewegung in Erinnerung: &#8222;Das Private ist politisch!&#8220; Seine Bedeutung wurde manchmal dahingehend interpretiert, dass sich politische und pers\u00f6nliche Themenstellungen beeinflussen. Es hat auch bedeutet, dass die Erfahrungen von Frauen die Grundlage des Feminismus sind, sowohl pers\u00f6nlich als auch politisch. Man kann hier erkennen: Es ging in unserer Diskussion auch tief in pers\u00f6nliche Fragestellungen hinein.<\/div>\n<div><\/div>\n<div><img loading=\"lazy\" decoding=\"async\" class=\"alignnone size-full wp-image-7955\" src=\"https:\/\/www.spengergasse.at\/wp-content\/uploads\/2024\/08\/transparent-space.png\" alt=\"\" width=\"1\" height=\"24\" \/><\/div>\n<div class=\"elementToProof\">Insgesamt ein sehr lehrreicher Lehrausgang, der zum besseren Verst\u00e4ndnis der staatlichen und rechtlichen Grundlagen sowie der Abl\u00e4ufe im Gesetzgebungsprozess beitragen sollte und der unseres Erachtens nach Politikverdrossenheit keine Chance lie\u00df.<\/div>\n","protected":false},"excerpt":{"rendered":"<p>Am Freitag, den 13. September 2024, ging ein guter Teil der 3AAIF in Begleitung von Herrn Professor Herbert Wei\u00dfensteiner \u2013 er hat dankenswerterweise diese Veranstaltung organisiert \u2013 und Frau Professorin Ursula Endl ins Parlament. Nach einer sehr interessanten F\u00fchrung durch das Geb\u00e4ude,&#8230;<\/p>\n","protected":false},"author":1,"featured_media":0,"comment_status":"closed","ping_status":"closed","sticky":false,"template":"","format":"standard","meta":{"footnotes":""},"categories":[1],"tags":[161],"class_list":["post-8107","post","type-post","status-publish","format-standard","hentry","category-aktuelles","tag-exkursionen"],"_links":{"self":[{"href":"https:\/\/www.spengergasse.at\/index.php?rest_route=\/wp\/v2\/posts\/8107","targetHints":{"allow":["GET"]}}],"collection":[{"href":"https:\/\/www.spengergasse.at\/index.php?rest_route=\/wp\/v2\/posts"}],"about":[{"href":"https:\/\/www.spengergasse.at\/index.php?rest_route=\/wp\/v2\/types\/post"}],"author":[{"embeddable":true,"href":"https:\/\/www.spengergasse.at\/index.php?rest_route=\/wp\/v2\/users\/1"}],"replies":[{"embeddable":true,"href":"https:\/\/www.spengergasse.at\/index.php?rest_route=%2Fwp%2Fv2%2Fcomments&post=8107"}],"version-history":[{"count":17,"href":"https:\/\/www.spengergasse.at\/index.php?rest_route=\/wp\/v2\/posts\/8107\/revisions"}],"predecessor-version":[{"id":8133,"href":"https:\/\/www.spengergasse.at\/index.php?rest_route=\/wp\/v2\/posts\/8107\/revisions\/8133"}],"wp:attachment":[{"href":"https:\/\/www.spengergasse.at\/index.php?rest_route=%2Fwp%2Fv2%2Fmedia&parent=8107"}],"wp:term":[{"taxonomy":"category","embeddable":true,"href":"https:\/\/www.spengergasse.at\/index.php?rest_route=%2Fwp%2Fv2%2Fcategories&post=8107"},{"taxonomy":"post_tag","embeddable":true,"href":"https:\/\/www.spengergasse.at\/index.php?rest_route=%2Fwp%2Fv2%2Ftags&post=8107"}],"curies":[{"name":"wp","href":"https:\/\/api.w.org\/{rel}","templated":true}]}}