{"id":8073,"date":"2024-09-23T12:34:27","date_gmt":"2024-09-23T10:34:27","guid":{"rendered":"https:\/\/www.spengergasse.at\/?p=8073"},"modified":"2024-09-23T16:30:12","modified_gmt":"2024-09-23T14:30:12","slug":"schueler-als-preistraegerin-von-sags-multi-2024","status":"publish","type":"post","link":"https:\/\/www.spengergasse.at\/?p=8073","title":{"rendered":"Sch\u00fcler als Preistr\u00e4ger von \u201cSags Multi\u201d 2024"},"content":{"rendered":"<p><img loading=\"lazy\" decoding=\"async\" class=\"alignright wp-image-8075\" src=\"https:\/\/www.spengergasse.at\/wp-content\/uploads\/2024\/09\/Tag3_3-1024x683.jpg\" alt=\"\" width=\"500\" height=\"333\" srcset=\"https:\/\/www.spengergasse.at\/wp-content\/uploads\/2024\/09\/Tag3_3-1024x683.jpg 1024w, https:\/\/www.spengergasse.at\/wp-content\/uploads\/2024\/09\/Tag3_3-300x200.jpg 300w, https:\/\/www.spengergasse.at\/wp-content\/uploads\/2024\/09\/Tag3_3-768x512.jpg 768w, https:\/\/www.spengergasse.at\/wp-content\/uploads\/2024\/09\/Tag3_3-1536x1024.jpg 1536w, https:\/\/www.spengergasse.at\/wp-content\/uploads\/2024\/09\/Tag3_3-2048x1365.jpg 2048w, https:\/\/www.spengergasse.at\/wp-content\/uploads\/2024\/09\/Tag3_3-272x182.jpg 272w\" sizes=\"auto, (max-width: 500px) 100vw, 500px\" \/>Nach dem Erfolg von Somya Rathee 2023 (<a href=\"https:\/\/www.spengergasse.at\/?p=6777\">Bericht<\/a>) ist auch im Jahr 2024 einer der Gewinner des Redewettbewerbs &#8222;SAG&#8217;S MULTI&#8220; Sch\u00fcler unserer Schule.<\/p>\n<p>Alejandro Dario Tomeniuc kam mit seiner Spanisch-Deutschen Rede ins Finale und wurde am Ende des Schuljahres im Rathaus pr\u00e4miert.<\/p>\n<p>Der mehrsprachige Redewettbewerb \u201eSAG&#8217;S MULTI!\u201c bietet jungen Menschen die M\u00f6glichkeit, ihre Gedanken im Zusammenhang mit ihrer Mehrsprachigkeit und Internationalit\u00e4t vor Publikum zu pr\u00e4sentieren.<\/p>\n<p><!--more--><\/p>\n<p>Wir gratulieren zum Erfolg und bedanken uns auch bei den Lehrkr\u00e4ften, die diesen Wettbewerb tatkr\u00e4ftig unterst\u00fctzen.<\/p>\n<p><img loading=\"lazy\" decoding=\"async\" class=\"alignleft size-large wp-image-8074\" src=\"https:\/\/www.spengergasse.at\/wp-content\/uploads\/2024\/09\/Tag3-1024x683.jpg\" alt=\"\" width=\"640\" height=\"427\" srcset=\"https:\/\/www.spengergasse.at\/wp-content\/uploads\/2024\/09\/Tag3-1024x683.jpg 1024w, https:\/\/www.spengergasse.at\/wp-content\/uploads\/2024\/09\/Tag3-300x200.jpg 300w, https:\/\/www.spengergasse.at\/wp-content\/uploads\/2024\/09\/Tag3-768x512.jpg 768w, https:\/\/www.spengergasse.at\/wp-content\/uploads\/2024\/09\/Tag3-1536x1024.jpg 1536w, https:\/\/www.spengergasse.at\/wp-content\/uploads\/2024\/09\/Tag3-2048x1365.jpg 2048w, https:\/\/www.spengergasse.at\/wp-content\/uploads\/2024\/09\/Tag3-272x182.jpg 272w\" sizes=\"auto, (max-width: 640px) 100vw, 640px\" \/><\/p>\n<p>Link: https:\/\/on.orf.at\/video\/14219989\/SAGS-MULTI-aus-dem-ORF-Zentrum-Wien<\/p>\n<p>Bilder: sagsmulti.orf.at, ORF<\/p>\n","protected":false},"excerpt":{"rendered":"<p>Nach dem Erfolg von Somya Rathee 2023 (Bericht) ist auch im Jahr 2024 einer der Gewinner des Redewettbewerbs &#8222;SAG&#8217;S MULTI&#8220; Sch\u00fcler unserer Schule. Alejandro Dario Tomeniuc kam mit seiner Spanisch-Deutschen Rede ins Finale und wurde am Ende des Schuljahres im Rathaus pr\u00e4miert&#8230;.<\/p>\n","protected":false},"author":2,"featured_media":0,"comment_status":"closed","ping_status":"closed","sticky":false,"template":"","format":"standard","meta":{"footnotes":""},"categories":[1],"tags":[154,61,56,57,44,62,63,143],"class_list":["post-8073","post","type-post","status-publish","format-standard","hentry","category-aktuelles","tag-auszeichnungen","tag-excellence","tag-hif","tag-hoehere-fuer-informatik","tag-in-den-medien","tag-praemierungen","tag-schuelererfolge","tag-wettbewerb"],"_links":{"self":[{"href":"https:\/\/www.spengergasse.at\/index.php?rest_route=\/wp\/v2\/posts\/8073","targetHints":{"allow":["GET"]}}],"collection":[{"href":"https:\/\/www.spengergasse.at\/index.php?rest_route=\/wp\/v2\/posts"}],"about":[{"href":"https:\/\/www.spengergasse.at\/index.php?rest_route=\/wp\/v2\/types\/post"}],"author":[{"embeddable":true,"href":"https:\/\/www.spengergasse.at\/index.php?rest_route=\/wp\/v2\/users\/2"}],"replies":[{"embeddable":true,"href":"https:\/\/www.spengergasse.at\/index.php?rest_route=%2Fwp%2Fv2%2Fcomments&post=8073"}],"version-history":[{"count":2,"href":"https:\/\/www.spengergasse.at\/index.php?rest_route=\/wp\/v2\/posts\/8073\/revisions"}],"predecessor-version":[{"id":8077,"href":"https:\/\/www.spengergasse.at\/index.php?rest_route=\/wp\/v2\/posts\/8073\/revisions\/8077"}],"wp:attachment":[{"href":"https:\/\/www.spengergasse.at\/index.php?rest_route=%2Fwp%2Fv2%2Fmedia&parent=8073"}],"wp:term":[{"taxonomy":"category","embeddable":true,"href":"https:\/\/www.spengergasse.at\/index.php?rest_route=%2Fwp%2Fv2%2Fcategories&post=8073"},{"taxonomy":"post_tag","embeddable":true,"href":"https:\/\/www.spengergasse.at\/index.php?rest_route=%2Fwp%2Fv2%2Ftags&post=8073"}],"curies":[{"name":"wp","href":"https:\/\/api.w.org\/{rel}","templated":true}]}}