{"id":7129,"date":"2023-12-20T14:40:46","date_gmt":"2023-12-20T13:40:46","guid":{"rendered":"https:\/\/www.spengergasse.at\/?p=7129"},"modified":"2023-12-21T23:06:48","modified_gmt":"2023-12-21T22:06:48","slug":"schueler-praesentieren-vor-bundespraesidenten","status":"publish","type":"post","link":"https:\/\/www.spengergasse.at\/?p=7129","title":{"rendered":"Sch\u00fcler pr\u00e4sentieren vor Bundespr\u00e4sidenten"},"content":{"rendered":"<p><img loading=\"lazy\" decoding=\"async\" class=\"alignleft wp-image-7130\" src=\"https:\/\/www.spengergasse.at\/wp-content\/uploads\/2023\/12\/Gerber_Kalckstein_Praesentation1.jpeg\" alt=\"\" width=\"500\" height=\"471\" srcset=\"https:\/\/www.spengergasse.at\/wp-content\/uploads\/2023\/12\/Gerber_Kalckstein_Praesentation1.jpeg 944w, https:\/\/www.spengergasse.at\/wp-content\/uploads\/2023\/12\/Gerber_Kalckstein_Praesentation1-300x283.jpeg 300w, https:\/\/www.spengergasse.at\/wp-content\/uploads\/2023\/12\/Gerber_Kalckstein_Praesentation1-768x724.jpeg 768w\" sizes=\"auto, (max-width: 500px) 100vw, 500px\" \/>Die beiden Sch\u00fcler Luis Kalckstein und Lilia Gerber aus der Hochbegabtenf\u00f6rderung hatten am Montag, dem 18. Dezember 2023 die M\u00f6glichkeit, gemeinsam mit der GenC von Ashoka den Bundespr\u00e4sidenten Alexander Van der Bellen zu besuchen. Gemeinsam \u00fcberreichten sie ihm einen Jugendbericht von YEP (Youth Empowerment Participation), welcher eine Studie \u00fcber Jugendliche von \u00d6sterreich, Liechtenstein und der Schweiz beinhaltet.<\/p>\n<p>In der Studie wurden junge Leute zu ihren Ansichten zum Thema Changemaking befragt und was es ben\u00f6tigt damit mehr junge Menschen mit ihren Projektideen durchstarten und einen positiven sozialen Impact haben k\u00f6nnen.<\/p>\n<p><!--more--><\/p>\n<p>Die beiden berichteten ebenfalls von ihrem Diplomprojekt, bei welchem sie die Bodenversiegelung in \u00d6sterreich mittels Satellitendaten und K\u00fcnstlicher Intelligenz messen.<\/p>\n<p><img loading=\"lazy\" decoding=\"async\" class=\"alignright wp-image-7131\" src=\"https:\/\/www.spengergasse.at\/wp-content\/uploads\/2023\/12\/Gerber_Kalckstein_Praesentation2-1024x683.jpeg\" alt=\"\" width=\"500\" height=\"333\" srcset=\"https:\/\/www.spengergasse.at\/wp-content\/uploads\/2023\/12\/Gerber_Kalckstein_Praesentation2-1024x683.jpeg 1024w, https:\/\/www.spengergasse.at\/wp-content\/uploads\/2023\/12\/Gerber_Kalckstein_Praesentation2-300x200.jpeg 300w, https:\/\/www.spengergasse.at\/wp-content\/uploads\/2023\/12\/Gerber_Kalckstein_Praesentation2-768x512.jpeg 768w, https:\/\/www.spengergasse.at\/wp-content\/uploads\/2023\/12\/Gerber_Kalckstein_Praesentation2-1536x1024.jpeg 1536w, https:\/\/www.spengergasse.at\/wp-content\/uploads\/2023\/12\/Gerber_Kalckstein_Praesentation2-272x182.jpeg 272w, https:\/\/www.spengergasse.at\/wp-content\/uploads\/2023\/12\/Gerber_Kalckstein_Praesentation2.jpeg 1600w\" sizes=\"auto, (max-width: 500px) 100vw, 500px\" \/><\/p>\n","protected":false},"excerpt":{"rendered":"<p>Die beiden Sch\u00fcler Luis Kalckstein und Lilia Gerber aus der Hochbegabtenf\u00f6rderung hatten am Montag, dem 18. Dezember 2023 die M\u00f6glichkeit, gemeinsam mit der GenC von Ashoka den Bundespr\u00e4sidenten Alexander Van der Bellen zu besuchen. Gemeinsam \u00fcberreichten sie ihm einen Jugendbericht von YEP&#8230;<\/p>\n","protected":false},"author":2,"featured_media":0,"comment_status":"closed","ping_status":"closed","sticky":false,"template":"","format":"standard","meta":{"footnotes":""},"categories":[1],"tags":[41,61,56,217,57],"class_list":["post-7129","post","type-post","status-publish","format-standard","hentry","category-aktuelles","tag-begabtenfoerderung","tag-excellence","tag-hif","tag-hochbegabtenfoerderung","tag-hoehere-fuer-informatik"],"_links":{"self":[{"href":"https:\/\/www.spengergasse.at\/index.php?rest_route=\/wp\/v2\/posts\/7129","targetHints":{"allow":["GET"]}}],"collection":[{"href":"https:\/\/www.spengergasse.at\/index.php?rest_route=\/wp\/v2\/posts"}],"about":[{"href":"https:\/\/www.spengergasse.at\/index.php?rest_route=\/wp\/v2\/types\/post"}],"author":[{"embeddable":true,"href":"https:\/\/www.spengergasse.at\/index.php?rest_route=\/wp\/v2\/users\/2"}],"replies":[{"embeddable":true,"href":"https:\/\/www.spengergasse.at\/index.php?rest_route=%2Fwp%2Fv2%2Fcomments&post=7129"}],"version-history":[{"count":3,"href":"https:\/\/www.spengergasse.at\/index.php?rest_route=\/wp\/v2\/posts\/7129\/revisions"}],"predecessor-version":[{"id":7134,"href":"https:\/\/www.spengergasse.at\/index.php?rest_route=\/wp\/v2\/posts\/7129\/revisions\/7134"}],"wp:attachment":[{"href":"https:\/\/www.spengergasse.at\/index.php?rest_route=%2Fwp%2Fv2%2Fmedia&parent=7129"}],"wp:term":[{"taxonomy":"category","embeddable":true,"href":"https:\/\/www.spengergasse.at\/index.php?rest_route=%2Fwp%2Fv2%2Fcategories&post=7129"},{"taxonomy":"post_tag","embeddable":true,"href":"https:\/\/www.spengergasse.at\/index.php?rest_route=%2Fwp%2Fv2%2Ftags&post=7129"}],"curies":[{"name":"wp","href":"https:\/\/api.w.org\/{rel}","templated":true}]}}