{"id":7073,"date":"2023-10-27T09:45:22","date_gmt":"2023-10-27T07:45:22","guid":{"rendered":"https:\/\/www.spengergasse.at\/?p=7073"},"modified":"2023-10-27T09:46:11","modified_gmt":"2023-10-27T07:46:11","slug":"2-minister-fuer-die-spengergasse","status":"publish","type":"post","link":"https:\/\/www.spengergasse.at\/?p=7073","title":{"rendered":"2 Minister f\u00fcr die Spengergasse"},"content":{"rendered":"<p><img loading=\"lazy\" decoding=\"async\" class=\"alignleft wp-image-7074\" src=\"https:\/\/www.spengergasse.at\/wp-content\/uploads\/2023\/10\/TagDerSchulen-1024x694.jpg\" alt=\"\" width=\"540\" height=\"366\" srcset=\"https:\/\/www.spengergasse.at\/wp-content\/uploads\/2023\/10\/TagDerSchulen-1024x694.jpg 1024w, https:\/\/www.spengergasse.at\/wp-content\/uploads\/2023\/10\/TagDerSchulen-300x203.jpg 300w, https:\/\/www.spengergasse.at\/wp-content\/uploads\/2023\/10\/TagDerSchulen-768x520.jpg 768w, https:\/\/www.spengergasse.at\/wp-content\/uploads\/2023\/10\/TagDerSchulen-1536x1040.jpg 1536w, https:\/\/www.spengergasse.at\/wp-content\/uploads\/2023\/10\/TagDerSchulen-2048x1387.jpg 2048w\" sizes=\"auto, (max-width: 540px) 100vw, 540px\" \/>Am Tag der Schulen, 25.10. 2023, waren 9 Klassen unserer Informatik-Abteilungen in Begleitung einiger Lehrkr\u00e4fte besonders im Bereich der Cyberkr\u00e4fte unterwegs. Dort pr\u00e4sentierten auch zwei hervorragende Sch\u00fcler*innen-Teams Diplomprojekte, die heuer in Kooperation mit unserer strategischen Partnerin, der Direktion6 IKT&amp;Cyber, entstehen.<\/p>\n<p>Das lie\u00dfen sich auch die beiden zust\u00e4ndigen Ressort-Chefs nicht entgehen. FBM Klaudia Tanner und HBM Martin Polaschek kamen vorbei und HBM merkte wissend an:&#8220; Spengergasse, unsere Informatik-Spezialisten!&#8220;<\/p>\n<p><!--more--><\/p>\n\n\n<figure class=\"wp-block-gallery has-nested-images columns-default is-cropped wp-block-gallery-1 is-layout-flex wp-block-gallery-is-layout-flex\">\n<figure class=\"wp-block-image size-large\"><img loading=\"lazy\" decoding=\"async\" width=\"1024\" height=\"768\" data-id=\"7076\" src=\"https:\/\/www.spengergasse.at\/wp-content\/uploads\/2023\/10\/TagSchulen2-1024x768.jpg\" alt=\"\" class=\"wp-image-7076\" srcset=\"https:\/\/www.spengergasse.at\/wp-content\/uploads\/2023\/10\/TagSchulen2-1024x768.jpg 1024w, https:\/\/www.spengergasse.at\/wp-content\/uploads\/2023\/10\/TagSchulen2-300x225.jpg 300w, https:\/\/www.spengergasse.at\/wp-content\/uploads\/2023\/10\/TagSchulen2-768x576.jpg 768w, https:\/\/www.spengergasse.at\/wp-content\/uploads\/2023\/10\/TagSchulen2-1536x1152.jpg 1536w, https:\/\/www.spengergasse.at\/wp-content\/uploads\/2023\/10\/TagSchulen2-2048x1536.jpg 2048w\" sizes=\"auto, (max-width: 1024px) 100vw, 1024px\" \/><\/figure>\n\n\n\n<figure class=\"wp-block-image size-large\"><img loading=\"lazy\" decoding=\"async\" width=\"1024\" height=\"768\" data-id=\"7075\" src=\"https:\/\/www.spengergasse.at\/wp-content\/uploads\/2023\/10\/TagderSchulen3-1024x768.jpg\" alt=\"\" class=\"wp-image-7075\" srcset=\"https:\/\/www.spengergasse.at\/wp-content\/uploads\/2023\/10\/TagderSchulen3-1024x768.jpg 1024w, https:\/\/www.spengergasse.at\/wp-content\/uploads\/2023\/10\/TagderSchulen3-300x225.jpg 300w, https:\/\/www.spengergasse.at\/wp-content\/uploads\/2023\/10\/TagderSchulen3-768x576.jpg 768w, https:\/\/www.spengergasse.at\/wp-content\/uploads\/2023\/10\/TagderSchulen3-1536x1152.jpg 1536w, https:\/\/www.spengergasse.at\/wp-content\/uploads\/2023\/10\/TagderSchulen3-2048x1536.jpg 2048w\" sizes=\"auto, (max-width: 1024px) 100vw, 1024px\" \/><\/figure>\n<\/figure>\n\n\n\n<p>Danke an die Diplomteams, die Dion6 und unser Bindeglied, Kollegen Stefan Breiteneder.<\/p>\n\n\n\n<p>Text: STH Foto: Robert Kofler<\/p>\n","protected":false},"excerpt":{"rendered":"<p>Am Tag der Schulen, 25.10. 2023, waren 9 Klassen unserer Informatik-Abteilungen in Begleitung einiger Lehrkr\u00e4fte besonders im Bereich der Cyberkr\u00e4fte unterwegs. Dort pr\u00e4sentierten auch zwei hervorragende Sch\u00fcler*innen-Teams Diplomprojekte, die heuer in Kooperation mit unserer strategischen Partnerin, der Direktion6 IKT&amp;Cyber, entstehen. Das lie\u00dfen&#8230;<\/p>\n","protected":false},"author":2,"featured_media":0,"comment_status":"closed","ping_status":"closed","sticky":false,"template":"","format":"standard","meta":{"footnotes":""},"categories":[1],"tags":[160,56,57],"class_list":["post-7073","post","type-post","status-publish","format-standard","hentry","category-aktuelles","tag-bundesheer","tag-hif","tag-hoehere-fuer-informatik"],"_links":{"self":[{"href":"https:\/\/www.spengergasse.at\/index.php?rest_route=\/wp\/v2\/posts\/7073","targetHints":{"allow":["GET"]}}],"collection":[{"href":"https:\/\/www.spengergasse.at\/index.php?rest_route=\/wp\/v2\/posts"}],"about":[{"href":"https:\/\/www.spengergasse.at\/index.php?rest_route=\/wp\/v2\/types\/post"}],"author":[{"embeddable":true,"href":"https:\/\/www.spengergasse.at\/index.php?rest_route=\/wp\/v2\/users\/2"}],"replies":[{"embeddable":true,"href":"https:\/\/www.spengergasse.at\/index.php?rest_route=%2Fwp%2Fv2%2Fcomments&post=7073"}],"version-history":[{"count":2,"href":"https:\/\/www.spengergasse.at\/index.php?rest_route=\/wp\/v2\/posts\/7073\/revisions"}],"predecessor-version":[{"id":7078,"href":"https:\/\/www.spengergasse.at\/index.php?rest_route=\/wp\/v2\/posts\/7073\/revisions\/7078"}],"wp:attachment":[{"href":"https:\/\/www.spengergasse.at\/index.php?rest_route=%2Fwp%2Fv2%2Fmedia&parent=7073"}],"wp:term":[{"taxonomy":"category","embeddable":true,"href":"https:\/\/www.spengergasse.at\/index.php?rest_route=%2Fwp%2Fv2%2Fcategories&post=7073"},{"taxonomy":"post_tag","embeddable":true,"href":"https:\/\/www.spengergasse.at\/index.php?rest_route=%2Fwp%2Fv2%2Ftags&post=7073"}],"curies":[{"name":"wp","href":"https:\/\/api.w.org\/{rel}","templated":true}]}}