{"id":6716,"date":"2023-06-06T15:15:45","date_gmt":"2023-06-06T13:15:45","guid":{"rendered":"https:\/\/www.spengergasse.at\/?p=6716"},"modified":"2023-06-25T23:45:38","modified_gmt":"2023-06-25T21:45:38","slug":"mach-mint-bildungsminister-zu-besuch","status":"publish","type":"post","link":"https:\/\/www.spengergasse.at\/?p=6716","title":{"rendered":"&#8222;Mach&#8216; MINT&#8220; &#8211; Bildungsminister zu Besuch"},"content":{"rendered":"<p>Besuch durch Herrn Bundesminister Polaschek und IV-Pr\u00e4sident Knill: \u201eMach\u2018 MINT\u201c<\/p>\n<p><img loading=\"lazy\" decoding=\"async\" class=\"size-large wp-image-6729 aligncenter\" src=\"https:\/\/www.spengergasse.at\/wp-content\/uploads\/2023\/06\/SPG_Pressekonferenz_MINT_22-1-1024x682.jpg\" alt=\"Sch\u00fclerinnen &amp; Sch\u00fcler aus den Pr\u00e4sentationsteams\" width=\"640\" height=\"426\" srcset=\"https:\/\/www.spengergasse.at\/wp-content\/uploads\/2023\/06\/SPG_Pressekonferenz_MINT_22-1-1024x682.jpg 1024w, https:\/\/www.spengergasse.at\/wp-content\/uploads\/2023\/06\/SPG_Pressekonferenz_MINT_22-1-300x200.jpg 300w, https:\/\/www.spengergasse.at\/wp-content\/uploads\/2023\/06\/SPG_Pressekonferenz_MINT_22-1-768x512.jpg 768w, https:\/\/www.spengergasse.at\/wp-content\/uploads\/2023\/06\/SPG_Pressekonferenz_MINT_22-1-1536x1024.jpg 1536w, https:\/\/www.spengergasse.at\/wp-content\/uploads\/2023\/06\/SPG_Pressekonferenz_MINT_22-1-272x182.jpg 272w, https:\/\/www.spengergasse.at\/wp-content\/uploads\/2023\/06\/SPG_Pressekonferenz_MINT_22-1.jpg 2000w\" sizes=\"auto, (max-width: 640px) 100vw, 640px\" \/><\/p>\n<p><!--more--><\/p>\n<p>Um 9 Uhr fuhr Bundesminster Martin Polaschek p\u00fcnktlich vor, kurz davor war IV-Pr\u00e4sident Georg Knill eingetroffen. Es galt, die neue \u00d6sterreichische MINT-Initiative vorzustellen. Direktor Dr. Hager spannte in seiner kurzen Begr\u00fc\u00dfung den Bogen vom \u201eHort der theresianischen Dessinatur bis zum Hub f\u00fcr zukunftsweisende (Aus)bildung\u201c.<\/p>\n<p><img loading=\"lazy\" decoding=\"async\" class=\"size-large wp-image-6724 aligncenter\" src=\"https:\/\/www.spengergasse.at\/wp-content\/uploads\/2023\/06\/SPG_Pressekonferenz_MINT_32-Kopie-1024x682.jpg\" alt=\"BM Polaschek und IV-Pr\u00e4sident Georg Knill \" width=\"640\" height=\"426\" srcset=\"https:\/\/www.spengergasse.at\/wp-content\/uploads\/2023\/06\/SPG_Pressekonferenz_MINT_32-Kopie-1024x682.jpg 1024w, https:\/\/www.spengergasse.at\/wp-content\/uploads\/2023\/06\/SPG_Pressekonferenz_MINT_32-Kopie-300x200.jpg 300w, https:\/\/www.spengergasse.at\/wp-content\/uploads\/2023\/06\/SPG_Pressekonferenz_MINT_32-Kopie-768x512.jpg 768w, https:\/\/www.spengergasse.at\/wp-content\/uploads\/2023\/06\/SPG_Pressekonferenz_MINT_32-Kopie-1536x1024.jpg 1536w, https:\/\/www.spengergasse.at\/wp-content\/uploads\/2023\/06\/SPG_Pressekonferenz_MINT_32-Kopie-272x182.jpg 272w, https:\/\/www.spengergasse.at\/wp-content\/uploads\/2023\/06\/SPG_Pressekonferenz_MINT_32-Kopie.jpg 2000w\" sizes=\"auto, (max-width: 640px) 100vw, 640px\" \/><\/p>\n<p><img loading=\"lazy\" decoding=\"async\" class=\"alignnone size-large wp-image-6725 aligncenter\" src=\"https:\/\/www.spengergasse.at\/wp-content\/uploads\/2023\/06\/SPG_Pressekonferenz_MINT_3-Kopie-682x1024.jpg\" alt=\"Dir. Hager bei der Pr\u00e4sentation\" width=\"640\" height=\"961\" srcset=\"https:\/\/www.spengergasse.at\/wp-content\/uploads\/2023\/06\/SPG_Pressekonferenz_MINT_3-Kopie-682x1024.jpg 682w, https:\/\/www.spengergasse.at\/wp-content\/uploads\/2023\/06\/SPG_Pressekonferenz_MINT_3-Kopie-200x300.jpg 200w, https:\/\/www.spengergasse.at\/wp-content\/uploads\/2023\/06\/SPG_Pressekonferenz_MINT_3-Kopie-768x1152.jpg 768w, https:\/\/www.spengergasse.at\/wp-content\/uploads\/2023\/06\/SPG_Pressekonferenz_MINT_3-Kopie-1024x1536.jpg 1024w, https:\/\/www.spengergasse.at\/wp-content\/uploads\/2023\/06\/SPG_Pressekonferenz_MINT_3-Kopie.jpg 1333w\" sizes=\"auto, (max-width: 640px) 100vw, 640px\" \/><\/p>\n<p>Zwei unserer Sch\u00fcler:innenteams pr\u00e4sentierten hochprofessionell ihre bereits ausgezeichneten (Diplom)projekte zu Nachhaltigkeit und AI.<\/p>\n<p><img loading=\"lazy\" decoding=\"async\" class=\"size-large wp-image-6721 aligncenter\" src=\"https:\/\/www.spengergasse.at\/wp-content\/uploads\/2023\/06\/SPG_Pressekonferenz_MINT_14-1024x682.jpg\" alt=\"\" width=\"640\" height=\"426\" srcset=\"https:\/\/www.spengergasse.at\/wp-content\/uploads\/2023\/06\/SPG_Pressekonferenz_MINT_14-1024x682.jpg 1024w, https:\/\/www.spengergasse.at\/wp-content\/uploads\/2023\/06\/SPG_Pressekonferenz_MINT_14-300x200.jpg 300w, https:\/\/www.spengergasse.at\/wp-content\/uploads\/2023\/06\/SPG_Pressekonferenz_MINT_14-768x512.jpg 768w, https:\/\/www.spengergasse.at\/wp-content\/uploads\/2023\/06\/SPG_Pressekonferenz_MINT_14-1536x1024.jpg 1536w, https:\/\/www.spengergasse.at\/wp-content\/uploads\/2023\/06\/SPG_Pressekonferenz_MINT_14-272x182.jpg 272w, https:\/\/www.spengergasse.at\/wp-content\/uploads\/2023\/06\/SPG_Pressekonferenz_MINT_14.jpg 2000w\" sizes=\"auto, (max-width: 640px) 100vw, 640px\" \/><br \/>\n<img loading=\"lazy\" decoding=\"async\" class=\"size-large wp-image-6722 aligncenter\" src=\"https:\/\/www.spengergasse.at\/wp-content\/uploads\/2023\/06\/SPG_Pressekonferenz_MINT_6-1024x682.jpg\" alt=\"\" width=\"640\" height=\"426\" srcset=\"https:\/\/www.spengergasse.at\/wp-content\/uploads\/2023\/06\/SPG_Pressekonferenz_MINT_6-1024x682.jpg 1024w, https:\/\/www.spengergasse.at\/wp-content\/uploads\/2023\/06\/SPG_Pressekonferenz_MINT_6-300x200.jpg 300w, https:\/\/www.spengergasse.at\/wp-content\/uploads\/2023\/06\/SPG_Pressekonferenz_MINT_6-768x512.jpg 768w, https:\/\/www.spengergasse.at\/wp-content\/uploads\/2023\/06\/SPG_Pressekonferenz_MINT_6-1536x1024.jpg 1536w, https:\/\/www.spengergasse.at\/wp-content\/uploads\/2023\/06\/SPG_Pressekonferenz_MINT_6-272x182.jpg 272w, https:\/\/www.spengergasse.at\/wp-content\/uploads\/2023\/06\/SPG_Pressekonferenz_MINT_6.jpg 2000w\" sizes=\"auto, (max-width: 640px) 100vw, 640px\" \/><\/p>\n<p>Beeindruckt strich Pr\u00e4sident Knill die Bedeutsamkeit der medial oft unterrepr\u00e4sentierten hervorragenden HTL-Ausbildung im Land heraus. Bundesminister Polaschek erl\u00e4uterte Wege, schon in der Elementar- und Primarstufe Interesse an MINT zu f\u00f6rdern. Auch er zeigte sich sehr angetan von unseren Sch\u00fcler:innen.<br \/>\nFragen aus dem Publikum bezogen sich auf Details des MINT-Konzeptes, die Entlastung mehrfachbelasteter weiblicher Studierender in Zusammenhang mit FiT-F\u00f6rderprogrammen sowie auf die Sorge um ausreichend geeignete Lehrkr\u00e4fte im technischen Bereich.<br \/>\nHeute ist quasi MINT-Schwerpunkttag, denn BM Polaschek tritt dazu heute noch in St. P\u00f6lten auf und ehrt am Abend auch die Spengergasse mit dem MINT-G\u00fctesiegel.<\/p>\n","protected":false},"excerpt":{"rendered":"<p>Besuch durch Herrn Bundesminister Polaschek und IV-Pr\u00e4sident Knill: \u201eMach\u2018 MINT\u201c<\/p>\n","protected":false},"author":2,"featured_media":0,"comment_status":"closed","ping_status":"closed","sticky":false,"template":"","format":"standard","meta":{"footnotes":""},"categories":[1],"tags":[61,56,57,44,212],"class_list":["post-6716","post","type-post","status-publish","format-standard","hentry","category-aktuelles","tag-excellence","tag-hif","tag-hoehere-fuer-informatik","tag-in-den-medien","tag-mint"],"_links":{"self":[{"href":"https:\/\/www.spengergasse.at\/index.php?rest_route=\/wp\/v2\/posts\/6716","targetHints":{"allow":["GET"]}}],"collection":[{"href":"https:\/\/www.spengergasse.at\/index.php?rest_route=\/wp\/v2\/posts"}],"about":[{"href":"https:\/\/www.spengergasse.at\/index.php?rest_route=\/wp\/v2\/types\/post"}],"author":[{"embeddable":true,"href":"https:\/\/www.spengergasse.at\/index.php?rest_route=\/wp\/v2\/users\/2"}],"replies":[{"embeddable":true,"href":"https:\/\/www.spengergasse.at\/index.php?rest_route=%2Fwp%2Fv2%2Fcomments&post=6716"}],"version-history":[{"count":2,"href":"https:\/\/www.spengergasse.at\/index.php?rest_route=\/wp\/v2\/posts\/6716\/revisions"}],"predecessor-version":[{"id":6755,"href":"https:\/\/www.spengergasse.at\/index.php?rest_route=\/wp\/v2\/posts\/6716\/revisions\/6755"}],"wp:attachment":[{"href":"https:\/\/www.spengergasse.at\/index.php?rest_route=%2Fwp%2Fv2%2Fmedia&parent=6716"}],"wp:term":[{"taxonomy":"category","embeddable":true,"href":"https:\/\/www.spengergasse.at\/index.php?rest_route=%2Fwp%2Fv2%2Fcategories&post=6716"},{"taxonomy":"post_tag","embeddable":true,"href":"https:\/\/www.spengergasse.at\/index.php?rest_route=%2Fwp%2Fv2%2Ftags&post=6716"}],"curies":[{"name":"wp","href":"https:\/\/api.w.org\/{rel}","templated":true}]}}