{"id":5079,"date":"2021-06-28T14:10:26","date_gmt":"2021-06-28T12:10:26","guid":{"rendered":"https:\/\/www.spengergasse.at\/?p=5079"},"modified":"2021-06-28T14:29:58","modified_gmt":"2021-06-28T12:29:58","slug":"schueler-praesentieren-architekturkonzepte-fuer-das-architekturzentrum-wien-az-w","status":"publish","type":"post","link":"https:\/\/www.spengergasse.at\/?p=5079","title":{"rendered":"Sch\u00fcler pr\u00e4sentieren Architekturkonzepte f\u00fcr das Architekturzentrum Wien Az W"},"content":{"rendered":"<p>Am 23.Juni 2021 durften die Sch\u00fclerInnen des Interior- and Surfacedesign Kollegs ihre ausgearbeiteten<br \/>\nAusstellungskonzepte im Az W (Architekturzentrum Wien) pr\u00e4sentieren.<\/p>\n<p><img loading=\"lazy\" decoding=\"async\" class=\"alignnone size-medium wp-image-5081\" src=\"https:\/\/www.spengergasse.at\/wp-content\/uploads\/2021\/06\/AZW_02-300x225.jpg\" alt=\"\" width=\"300\" height=\"225\" srcset=\"https:\/\/www.spengergasse.at\/wp-content\/uploads\/2021\/06\/AZW_02-300x225.jpg 300w, https:\/\/www.spengergasse.at\/wp-content\/uploads\/2021\/06\/AZW_02-1024x768.jpg 1024w, https:\/\/www.spengergasse.at\/wp-content\/uploads\/2021\/06\/AZW_02-768x576.jpg 768w, https:\/\/www.spengergasse.at\/wp-content\/uploads\/2021\/06\/AZW_02-1536x1152.jpg 1536w, https:\/\/www.spengergasse.at\/wp-content\/uploads\/2021\/06\/AZW_02-2048x1536.jpg 2048w\" sizes=\"auto, (max-width: 300px) 100vw, 300px\" \/><\/p>\n<p><!--more--><\/p>\n<p>Die \u201ea_schau. \u00d6sterreichische Architektur im 20. und 21. Jahrhundert\u201c des Architekturzentrum Wien wird neu \u00fcberarbeitet, im Herbst 2021 wird die neue Sammlungsausstellung er\u00f6ffnet.<\/p>\n<p><img loading=\"lazy\" decoding=\"async\" class=\"size-medium wp-image-5080 alignright\" src=\"https:\/\/www.spengergasse.at\/wp-content\/uploads\/2021\/06\/AZW_01-300x201.jpg\" alt=\"\" width=\"300\" height=\"201\" srcset=\"https:\/\/www.spengergasse.at\/wp-content\/uploads\/2021\/06\/AZW_01-300x201.jpg 300w, https:\/\/www.spengergasse.at\/wp-content\/uploads\/2021\/06\/AZW_01-1024x684.jpg 1024w, https:\/\/www.spengergasse.at\/wp-content\/uploads\/2021\/06\/AZW_01-768x513.jpg 768w, https:\/\/www.spengergasse.at\/wp-content\/uploads\/2021\/06\/AZW_01-1536x1027.jpg 1536w, https:\/\/www.spengergasse.at\/wp-content\/uploads\/2021\/06\/AZW_01-2048x1369.jpg 2048w, https:\/\/www.spengergasse.at\/wp-content\/uploads\/2021\/06\/AZW_01-272x182.jpg 272w\" sizes=\"auto, (max-width: 300px) 100vw, 300px\" \/><\/p>\n<p>Dies wurde zum Anlass genommen,&nbsp; uns mit dem Thema der Ausstellungsgestaltung auseinanderzusetzen.<\/p>\n<p>Welche Rolle spielen Museen und Ausstellungen heutzutage in unserem gesellschaftlichen Leben?<br \/>\nSind sie Orte der Kontemplation, wie z. B.<br \/>\nKirchen, oder sind sie vielmehr Orte des Treffpunkts und des Diskurses?<br \/>\nOder vielleicht beides?<br \/>\nWie sollte dieser Aspekt in die Gestaltung eines Raumes einflie\u00dfen?<\/p>\n<p>Ausgehend von der eigenen Erfahrung mit der alten \u201ea_schau\u201c erarbeiteten die Sch\u00fcler*innen, unterst\u00fctzt durch das Vermittlungsteam des Az W, ihre Wunschvorstellung eines Museums, einer Ausstellung.<\/p>\n<p>Wir besch\u00e4ftigten uns damit, was in der neuen Sammlungsschau gezeigt werden sollte und welche Schwerpunkte sowohl f\u00fcr Laien als auch das Fachpublikum interessant sein k\u00f6nnten.<\/p>\n<p>Die Sch\u00fcler*innen erhielten einen Einblick in die aktuelle Konzeption der neuen Schausammlung und bekamen dann den hypothetischen Auftrag, f\u00fcr dieses Konzept die Ausstellungsgestaltung zu entwickeln.<\/p>\n<p>Sie entwickelten in Teamarbeit (2-4 Sch\u00fcler*innen) eine Wegf\u00fchrung, \u00fcberlegten, wie und wo etwas pr\u00e4sentiert werden k\u00f6nnte, erstellten ein Farbkonzept etc. Die Ergebnisse wurden Ende Juni 2021 im Az W<br \/>\npr\u00e4sentiert und durch eine der Kuratorinnen kontextualisiert.<br \/>\nWir bedanken uns herzlich beim Az W (Dipl.Ing. Anne W\u00fcbben und Dipl.Ing. Andreas Miguel Mayer), sowie beim<br \/>\nOeaD, culture connected und dem Bundesministerium Bildung, Wissenschaft und Forschung<\/p>\n","protected":false},"excerpt":{"rendered":"<p>Am 23.Juni 2021 durften die Sch\u00fclerInnen des Interior- and Surfacedesign Kollegs ihre ausgearbeiteten Ausstellungskonzepte im Az W (Architekturzentrum Wien) pr\u00e4sentieren.<\/p>\n","protected":false},"author":2,"featured_media":0,"comment_status":"closed","ping_status":"closed","sticky":false,"template":"","format":"standard","meta":{"footnotes":""},"categories":[1],"tags":[71,68,67,62,63],"class_list":["post-5079","post","type-post","status-publish","format-standard","hentry","category-aktuelles","tag-interior-surface-design","tag-kd","tag-kunst-und-design","tag-praemierungen","tag-schuelererfolge"],"_links":{"self":[{"href":"https:\/\/www.spengergasse.at\/index.php?rest_route=\/wp\/v2\/posts\/5079","targetHints":{"allow":["GET"]}}],"collection":[{"href":"https:\/\/www.spengergasse.at\/index.php?rest_route=\/wp\/v2\/posts"}],"about":[{"href":"https:\/\/www.spengergasse.at\/index.php?rest_route=\/wp\/v2\/types\/post"}],"author":[{"embeddable":true,"href":"https:\/\/www.spengergasse.at\/index.php?rest_route=\/wp\/v2\/users\/2"}],"replies":[{"embeddable":true,"href":"https:\/\/www.spengergasse.at\/index.php?rest_route=%2Fwp%2Fv2%2Fcomments&post=5079"}],"version-history":[{"count":2,"href":"https:\/\/www.spengergasse.at\/index.php?rest_route=\/wp\/v2\/posts\/5079\/revisions"}],"predecessor-version":[{"id":5083,"href":"https:\/\/www.spengergasse.at\/index.php?rest_route=\/wp\/v2\/posts\/5079\/revisions\/5083"}],"wp:attachment":[{"href":"https:\/\/www.spengergasse.at\/index.php?rest_route=%2Fwp%2Fv2%2Fmedia&parent=5079"}],"wp:term":[{"taxonomy":"category","embeddable":true,"href":"https:\/\/www.spengergasse.at\/index.php?rest_route=%2Fwp%2Fv2%2Fcategories&post=5079"},{"taxonomy":"post_tag","embeddable":true,"href":"https:\/\/www.spengergasse.at\/index.php?rest_route=%2Fwp%2Fv2%2Ftags&post=5079"}],"curies":[{"name":"wp","href":"https:\/\/api.w.org\/{rel}","templated":true}]}}