{"id":2729,"date":"2020-02-21T20:08:52","date_gmt":"2020-02-21T19:08:52","guid":{"rendered":"http:\/\/193.170.108.10\/?p=2729"},"modified":"2020-02-24T15:57:47","modified_gmt":"2020-02-24T14:57:47","slug":"schueler-aus-der-hochbegabtenfoerderung-am-rednerpult","status":"publish","type":"post","link":"https:\/\/www.spengergasse.at\/?p=2729","title":{"rendered":"Sch\u00fcler aus der Hochbegabtenf\u00f6rderung am Rednerpult"},"content":{"rendered":"<p><img loading=\"lazy\" decoding=\"async\" class=\" wp-image-2730 alignleft\" src=\"http:\/\/193.170.108.10\/wp-content\/uploads\/2020\/02\/Luick-300x223.jpg\" alt=\"\" width=\"242\" height=\"180\" srcset=\"https:\/\/www.spengergasse.at\/wp-content\/uploads\/2020\/02\/Luick-300x223.jpg 300w, https:\/\/www.spengergasse.at\/wp-content\/uploads\/2020\/02\/Luick-1024x760.jpg 1024w, https:\/\/www.spengergasse.at\/wp-content\/uploads\/2020\/02\/Luick-768x570.jpg 768w, https:\/\/www.spengergasse.at\/wp-content\/uploads\/2020\/02\/Luick.jpg 1500w\" sizes=\"auto, (max-width: 242px) 100vw, 242px\" \/>Vom 24. bis zum 26. September 2019 durfte Timo Luick, Sch\u00fcler der 5CHIF, im Rahmen einer Roadshow, Vortr\u00e4ge in M\u00fcnchen und Z\u00fcrich zum Thema k\u00fcnstliche Intelligenz halten. Die Vortr\u00e4ge wurden mit gro\u00dfer Begeisterung angenommen.<\/p>\n<p><!--more--><\/p>\n<p>Auch Gabriel Mewald, der derzeit die 4EHIF besucht, konnte bereits mehrfach als Vortragender \u00fcberzeugen, zuletzt beim\u00a0SEC-PACK-TALK. Ausz\u00fcge dazu unter\u00a0<a href=\"https:\/\/computerwelt.at\/news\/kein-backup-kein-mitleid\/\">https:\/\/computerwelt.at\/news\/kein-backup-kein-mitleid\/<\/a><\/p>\n<p>Wir bedanken uns herzlich bei der Firma FireStart f\u00fcr die Einladung und das gro\u00dfe Vertrauen das in unseren Sch\u00fcler gesetzt wurde.<\/p>\n","protected":false},"excerpt":{"rendered":"<p>Vom 24. bis zum 26. September 2019 durfte Timo Luick, Sch\u00fcler der 5CHIF, im Rahmen einer Roadshow, Vortr\u00e4ge in M\u00fcnchen und Z\u00fcrich zum Thema k\u00fcnstliche Intelligenz halten. Die Vortr\u00e4ge wurden mit gro\u00dfer Begeisterung angenommen.<\/p>\n","protected":false},"author":2,"featured_media":0,"comment_status":"closed","ping_status":"closed","sticky":false,"template":"","format":"standard","meta":{"footnotes":""},"categories":[1],"tags":[41,45,56,57,44,50],"class_list":["post-2729","post","type-post","status-publish","format-standard","hentry","category-aktuelles","tag-begabtenfoerderung","tag-gastredner","tag-hif","tag-hoehere-fuer-informatik","tag-in-den-medien","tag-kongressteilnahmen"],"_links":{"self":[{"href":"https:\/\/www.spengergasse.at\/index.php?rest_route=\/wp\/v2\/posts\/2729","targetHints":{"allow":["GET"]}}],"collection":[{"href":"https:\/\/www.spengergasse.at\/index.php?rest_route=\/wp\/v2\/posts"}],"about":[{"href":"https:\/\/www.spengergasse.at\/index.php?rest_route=\/wp\/v2\/types\/post"}],"author":[{"embeddable":true,"href":"https:\/\/www.spengergasse.at\/index.php?rest_route=\/wp\/v2\/users\/2"}],"replies":[{"embeddable":true,"href":"https:\/\/www.spengergasse.at\/index.php?rest_route=%2Fwp%2Fv2%2Fcomments&post=2729"}],"version-history":[{"count":3,"href":"https:\/\/www.spengergasse.at\/index.php?rest_route=\/wp\/v2\/posts\/2729\/revisions"}],"predecessor-version":[{"id":2790,"href":"https:\/\/www.spengergasse.at\/index.php?rest_route=\/wp\/v2\/posts\/2729\/revisions\/2790"}],"wp:attachment":[{"href":"https:\/\/www.spengergasse.at\/index.php?rest_route=%2Fwp%2Fv2%2Fmedia&parent=2729"}],"wp:term":[{"taxonomy":"category","embeddable":true,"href":"https:\/\/www.spengergasse.at\/index.php?rest_route=%2Fwp%2Fv2%2Fcategories&post=2729"},{"taxonomy":"post_tag","embeddable":true,"href":"https:\/\/www.spengergasse.at\/index.php?rest_route=%2Fwp%2Fv2%2Ftags&post=2729"}],"curies":[{"name":"wp","href":"https:\/\/api.w.org\/{rel}","templated":true}]}}