{"id":10364,"date":"2026-04-29T16:34:25","date_gmt":"2026-04-29T14:34:25","guid":{"rendered":"https:\/\/www.spengergasse.at\/?p=10364"},"modified":"2026-04-29T16:43:44","modified_gmt":"2026-04-29T14:43:44","slug":"job-shadowing-an-der-pater-damian-schule-in-eupen-belgien","status":"publish","type":"post","link":"https:\/\/www.spengergasse.at\/?p=10364","title":{"rendered":"Job-Shadowing an der Pater Damian Schule in Eupen\/Belgien"},"content":{"rendered":"<p><img loading=\"lazy\" decoding=\"async\" class=\"alignleft wp-image-10368\" src=\"https:\/\/www.spengergasse.at\/wp-content\/uploads\/2026\/04\/20260422_104834-300x225.jpg\" alt=\"\" width=\"380\" height=\"285\" srcset=\"https:\/\/www.spengergasse.at\/wp-content\/uploads\/2026\/04\/20260422_104834-300x225.jpg 300w, https:\/\/www.spengergasse.at\/wp-content\/uploads\/2026\/04\/20260422_104834-1024x768.jpg 1024w, https:\/\/www.spengergasse.at\/wp-content\/uploads\/2026\/04\/20260422_104834-768x576.jpg 768w, https:\/\/www.spengergasse.at\/wp-content\/uploads\/2026\/04\/20260422_104834-1536x1152.jpg 1536w, https:\/\/www.spengergasse.at\/wp-content\/uploads\/2026\/04\/20260422_104834-2048x1536.jpg 2048w\" sizes=\"auto, (max-width: 380px) 100vw, 380px\" \/>Im Rahmen eines Erasmus+ Job-Shadowings durfte ich von 20. bis 24. April 2026 den Unterricht in der Pater Damian Schule (PDS) in Eupen\/Belgien besuchen. Die Schule selbst bietet f\u00fcr 6 Klassen Unterricht in Form des Gymnasiums an, wobei der Lehrplan sich am belgischen System (6 Jahre Primarstufe, 6 Jahre Gymnasium) orientiert.<\/p>\n<p><!--more--><\/p>\n<p>Das Interesse an Eupen ergibt sich aus der Region selbst, da Eupen Teil der kleinen autonomen deutschsprachigen Gemeinschaft Belgiens ist, zugleich aber im Dreil\u00e4nder- und Dreispracheneck Deutschland \u2013 Belgien \u2013 Niederlande bzw. Deutsch \u2013 Franz\u00f6sisch \u2013 Niederl\u00e4ndisch liegt. Die Unterrichts- und Alltagssprache war somit sowohl in der Schule als auch im Ort \u00fcberwiegend Deutsch, wenngleich gleichzeitig auch frankophone Klassen mit Sch\u00fcler:innen, deren Erstsprache Franz\u00f6sisch ist, gef\u00fchrt werden. Diese Sch\u00fcler:innen haben als zweite Fremdsprache verpflichtend Deutsch zu lernen, w\u00e4hrend die Deutschsprachigen als zweite Fremdsprache Franz\u00f6sisch lernen.<\/p>\n<p>In diesem Rahmen war der Aufenthalt in Eupen f\u00fcr mich als Deutsch-, Geschichte- und Ethiklehrkraft in mehrfacher Hinsicht: linguistisch, historisch und auch ethisch bei der Beobachtung und der Auseinandersetzung mit Minderheitenrechten und gelebter Mehrsprachigkeit in einem Schulgeb\u00e4ude h\u00f6chst interessant. Doch auch der Schulalltag selbst zeigte z.B. durch ein konsequent f\u00fcr alle Jahrgangsstufen verordnetes Handyverbot sowie fixe Mittagspausenbl\u00f6cke an jedem Tag zur selben Zeit und Sport- bzw. Freizeitm\u00f6glichkeiten (Tischtennis, Basketball, Fu\u00dfball) Unterschiede zur HTL Spengergasse auf. Diese waren nat\u00fcrlich auch durch die Gr\u00f6\u00dfe der PDS mit rund 700 Sch\u00fcler:innen und 90 Lehrkr\u00e4ften gegeben: Der Alltag wirkt etwas entschleunigter und gleichzeitig auch famili\u00e4rer, die meisten Menschen kennen einander. Die Klassenr\u00e4ume selbst waren alle mit Tafeln und Whiteboards sowie Beamern ausgestattet, Digitalisierung und die Besch\u00e4ftigung mit digitalen Medien oder Inhalten fand in fast jeder hospitierten Stunde statt.<\/p>\n<p>Viele Personen wie etwas auch mein Ansprechpartner Guido Havenith haben zus\u00e4tzlich eine umfassende Auslandserfahrung, z.B. durch Sprach- und Kulturreisen nach Barcelona oder Wien, wobei vor allem der Kontakt zu Wien im Geschichteunterricht, aber auch im Deutschunterricht immer wieder pr\u00e4sent war. Ein besonderer Dank gilt daher meinem Ansprechpartner Guido Havenith f\u00fcr die Organisation und die wertvollen Einblicke.<\/p>\n<p>Im Sinne der Erasmus+ Zielsetzungen konnte ich durch dieses Job-Shadowing wertvolle Impulse f\u00fcr unseren Schulalltag und den Umgang mit Mehrsprachigkeit in einer europ\u00e4ischen Region mit unterschiedlichen Sprachgruppen und Minderheitsstatuten gewinnen.<\/p>\n<p><em>Bericht von Mag. Stefan Lenk MA MEd<\/em><\/p>\n<p><img loading=\"lazy\" decoding=\"async\" class=\"alignnone size-full wp-image-7955\" src=\"https:\/\/www.spengergasse.at\/wp-content\/uploads\/2024\/08\/transparent-space.png\" alt=\"\" width=\"1\" height=\"24\" \/><\/p>\n<table style=\"width: 100%; border-collapse: collapse; border: none;\">\n<tbody>\n<tr>\n<td style=\"width: 300px; vertical-align: top; text-align: left; border: none;\"><img loading=\"lazy\" decoding=\"async\" class=\"size-medium wp-image-9448\" src=\"https:\/\/www.spengergasse.at\/wp-content\/uploads\/2025\/06\/DE_FundedbytheEU_RGB_POS_800-300x66.png\" alt=\"\" width=\"300\" height=\"66\" srcset=\"https:\/\/www.spengergasse.at\/wp-content\/uploads\/2025\/06\/DE_FundedbytheEU_RGB_POS_800-300x66.png 300w, https:\/\/www.spengergasse.at\/wp-content\/uploads\/2025\/06\/DE_FundedbytheEU_RGB_POS_800-768x169.png 768w, https:\/\/www.spengergasse.at\/wp-content\/uploads\/2025\/06\/DE_FundedbytheEU_RGB_POS_800.png 800w\" sizes=\"auto, (max-width: 300px) 100vw, 300px\" \/><\/td>\n<td style=\"vertical-align: top; text-align: left; border: none;\">\n<p class=\"has-small-font-size\" style=\"font-size: 70%; margin: 0;\"><span style=\"color: #808080;\"><em>Disclaimer: Von der Europ\u00e4ischen Union finanziert. Die ge\u00e4u\u00dferten Ansichten und Meinungen entsprechen jedoch ausschlie\u00dflich denen der Autorin oder des Autors bzw. der Autorinnen oder Autoren und spiegeln nicht zwingend die der Europ\u00e4ischen Union oder der OeAD-GmbH wider. Weder die Europ\u00e4ische Union noch die OeAD-GmbH k\u00f6nnen daf\u00fcr verantwortlich gemacht werden.<\/em><\/span><\/p>\n<\/td>\n<\/tr>\n<\/tbody>\n<\/table>\n","protected":false},"excerpt":{"rendered":"<p>Im Rahmen eines Erasmus+ Job-Shadowings durfte ich von 20. bis 24. April 2026 den Unterricht in der Pater Damian Schule (PDS) in Eupen\/Belgien besuchen. Die Schule selbst bietet f\u00fcr 6 Klassen Unterricht in Form des Gymnasiums an, wobei der Lehrplan sich am&#8230;<\/p>\n","protected":false},"author":1,"featured_media":0,"comment_status":"closed","ping_status":"closed","sticky":false,"template":"","format":"standard","meta":{"footnotes":""},"categories":[1],"tags":[179],"class_list":["post-10364","post","type-post","status-publish","format-standard","hentry","category-aktuelles","tag-erasmus"],"_links":{"self":[{"href":"https:\/\/www.spengergasse.at\/index.php?rest_route=\/wp\/v2\/posts\/10364","targetHints":{"allow":["GET"]}}],"collection":[{"href":"https:\/\/www.spengergasse.at\/index.php?rest_route=\/wp\/v2\/posts"}],"about":[{"href":"https:\/\/www.spengergasse.at\/index.php?rest_route=\/wp\/v2\/types\/post"}],"author":[{"embeddable":true,"href":"https:\/\/www.spengergasse.at\/index.php?rest_route=\/wp\/v2\/users\/1"}],"replies":[{"embeddable":true,"href":"https:\/\/www.spengergasse.at\/index.php?rest_route=%2Fwp%2Fv2%2Fcomments&post=10364"}],"version-history":[{"count":5,"href":"https:\/\/www.spengergasse.at\/index.php?rest_route=\/wp\/v2\/posts\/10364\/revisions"}],"predecessor-version":[{"id":10371,"href":"https:\/\/www.spengergasse.at\/index.php?rest_route=\/wp\/v2\/posts\/10364\/revisions\/10371"}],"wp:attachment":[{"href":"https:\/\/www.spengergasse.at\/index.php?rest_route=%2Fwp%2Fv2%2Fmedia&parent=10364"}],"wp:term":[{"taxonomy":"category","embeddable":true,"href":"https:\/\/www.spengergasse.at\/index.php?rest_route=%2Fwp%2Fv2%2Fcategories&post=10364"},{"taxonomy":"post_tag","embeddable":true,"href":"https:\/\/www.spengergasse.at\/index.php?rest_route=%2Fwp%2Fv2%2Ftags&post=10364"}],"curies":[{"name":"wp","href":"https:\/\/api.w.org\/{rel}","templated":true}]}}